{"id":1109,"date":"2022-06-01T12:36:44","date_gmt":"2022-06-01T10:36:44","guid":{"rendered":"https:\/\/zugleitung-duesseldorf.de\/?p=1109"},"modified":"2022-06-01T12:36:44","modified_gmt":"2022-06-01T10:36:44","slug":"neuer-2-vorsitzender","status":"publish","type":"post","link":"https:\/\/zugleitung-duesseldorf.de\/index.php\/2022\/06\/01\/neuer-2-vorsitzender\/","title":{"rendered":"Neuer 2. Vorsitzender&#8230;"},"content":{"rendered":"<p><strong>Enno Abels<\/strong><\/p>\n<p><img loading=\"lazy\" decoding=\"async\" class=\"alignnone size-medium wp-image-1106\" src=\"https:\/\/zugleitung-duesseldorf.de\/wp-content\/uploads\/2022\/05\/Enno-1-300x300.jpg\" alt=\"\" width=\"300\" height=\"300\" srcset=\"https:\/\/zugleitung-duesseldorf.de\/wp-content\/uploads\/2022\/05\/Enno-1-300x300.jpg 300w, https:\/\/zugleitung-duesseldorf.de\/wp-content\/uploads\/2022\/05\/Enno-1-1024x1024.jpg 1024w, https:\/\/zugleitung-duesseldorf.de\/wp-content\/uploads\/2022\/05\/Enno-1-150x150.jpg 150w, https:\/\/zugleitung-duesseldorf.de\/wp-content\/uploads\/2022\/05\/Enno-1-768x768.jpg 768w, https:\/\/zugleitung-duesseldorf.de\/wp-content\/uploads\/2022\/05\/Enno-1-1536x1536.jpg 1536w, https:\/\/zugleitung-duesseldorf.de\/wp-content\/uploads\/2022\/05\/Enno-1-2048x2048.jpg 2048w\" sizes=\"auto, (max-width: 300px) 100vw, 300px\" \/><\/p>\n<p>Auf der letzten JHV der Zugleitung wurde unser Enno mit \u00fcberw\u00e4ltigender Mehrheit zum 2. Vorsitzenden und Schriftf\u00fchrer gew\u00e4hlt!<\/p>\n<p>Hier nun ein paar interessante Informationen zur Person:<\/p>\n<p>Enno wurde 1976 in D\u00fcsseldorf geboren. Seine aktuelle berufliche T\u00e4tigkeit ist \u201eElektrotechniker\u201c. Er war vier Jahre bei der Deutschen Marine als Marinesoldat.<br \/>\nSein aktueller Familienstand lautet: \u201eNoch zu haben!\u201c<\/p>\n<p>Seine Hobbys sind Pool-Billard und Bass-Gitarre spielen, Rudern, Tontechnik insgesamt, am Motorrad schrauben.<\/p>\n<p><img loading=\"lazy\" decoding=\"async\" class=\"alignnone size-medium wp-image-1107\" src=\"https:\/\/zugleitung-duesseldorf.de\/wp-content\/uploads\/2022\/05\/Enno-2-300x300.jpg\" alt=\"\" width=\"300\" height=\"300\" srcset=\"https:\/\/zugleitung-duesseldorf.de\/wp-content\/uploads\/2022\/05\/Enno-2-300x300.jpg 300w, https:\/\/zugleitung-duesseldorf.de\/wp-content\/uploads\/2022\/05\/Enno-2-150x150.jpg 150w, https:\/\/zugleitung-duesseldorf.de\/wp-content\/uploads\/2022\/05\/Enno-2.jpg 450w\" sizes=\"auto, (max-width: 300px) 100vw, 300px\" \/><\/p>\n<p>In der Zugleitung ist er seit 2012, also seit 10 Jahren. Er engagiert sich bei dem \u201eRockin\u2018 Rooster Club\u201c in Haan, einen Verein zur Unterst\u00fctzung von Musikern und Kulturschaffenden. Er reist sehr gerne durch die Welt \u2013 war schon f\u00fcnf Mal in Amerika, acht Mal in der Karibik, Afrika und in Europa. Neue Ziele k\u00f6nnten sein z.B. S\u00fcdamerika und\/oder Indien.<\/p>\n<p>Fragen an Enno und seine Antworten:<\/p>\n<p>Bier oder Wein? \uf0e0 Altbier, am liebsten F\u00fcchschen.<br \/>\nPizza oder Nudeln? \uf0e0 Nudeln.<br \/>\nD\u00fcsseldorf oder K\u00f6ln? \uf0e0 Ich mag K\u00f6ln; habe eine Zeit in einer k\u00f6lschen Band gespielt. Die Band hat sich dann aber irgendwann aufgel\u00f6st. Meine Heimat ist und bleibt aber D\u00fcsseldorf.<br \/>\nKarneval- oder Sch\u00fctzenverein? \uf0e0 Eher Karneval, obwohl es auch eine Vergangenheit bei den Bilker Sch\u00fctzen gab.<\/p>\n<p>Wir w\u00fcnschen Enno f\u00fcr sein Wirken alles Gute!<\/p>\n<p>Solltet Ihr noch weitere Fragen zu unserem Enno haben, so schreibt es uns?<\/p>\n<p>Mai 2022 (fe)<\/p>\n","protected":false},"excerpt":{"rendered":"<p>Enno Abels Auf der letzten JHV der Zugleitung wurde unser Enno mit \u00fcberw\u00e4ltigender Mehrheit zum 2. Vorsitzenden und Schriftf\u00fchrer gew\u00e4hlt! Hier nun ein paar interessante Informationen zur Person: Enno wurde 1976 in D\u00fcsseldorf geboren. Seine aktuelle berufliche T\u00e4tigkeit ist \u201eElektrotechniker\u201c. Er war vier Jahre bei der Deutschen Marine als Marinesoldat. Sein aktueller Familienstand lautet: \u201eNoch&hellip; <br \/> <a class=\"button small blue\" href=\"https:\/\/zugleitung-duesseldorf.de\/index.php\/2022\/06\/01\/neuer-2-vorsitzender\/\">Weiterlesen<\/a><\/p>\n","protected":false},"author":5,"featured_media":1106,"comment_status":"closed","ping_status":"closed","sticky":false,"template":"","format":"standard","meta":{"footnotes":""},"categories":[1,5],"tags":[],"class_list":["post-1109","post","type-post","status-publish","format-standard","has-post-thumbnail","hentry","category-allgemein","category-ueber-uns"],"_links":{"self":[{"href":"https:\/\/zugleitung-duesseldorf.de\/index.php\/wp-json\/wp\/v2\/posts\/1109","targetHints":{"allow":["GET"]}}],"collection":[{"href":"https:\/\/zugleitung-duesseldorf.de\/index.php\/wp-json\/wp\/v2\/posts"}],"about":[{"href":"https:\/\/zugleitung-duesseldorf.de\/index.php\/wp-json\/wp\/v2\/types\/post"}],"author":[{"embeddable":true,"href":"https:\/\/zugleitung-duesseldorf.de\/index.php\/wp-json\/wp\/v2\/users\/5"}],"replies":[{"embeddable":true,"href":"https:\/\/zugleitung-duesseldorf.de\/index.php\/wp-json\/wp\/v2\/comments?post=1109"}],"version-history":[{"count":1,"href":"https:\/\/zugleitung-duesseldorf.de\/index.php\/wp-json\/wp\/v2\/posts\/1109\/revisions"}],"predecessor-version":[{"id":1110,"href":"https:\/\/zugleitung-duesseldorf.de\/index.php\/wp-json\/wp\/v2\/posts\/1109\/revisions\/1110"}],"wp:featuredmedia":[{"embeddable":true,"href":"https:\/\/zugleitung-duesseldorf.de\/index.php\/wp-json\/wp\/v2\/media\/1106"}],"wp:attachment":[{"href":"https:\/\/zugleitung-duesseldorf.de\/index.php\/wp-json\/wp\/v2\/media?parent=1109"}],"wp:term":[{"taxonomy":"category","embeddable":true,"href":"https:\/\/zugleitung-duesseldorf.de\/index.php\/wp-json\/wp\/v2\/categories?post=1109"},{"taxonomy":"post_tag","embeddable":true,"href":"https:\/\/zugleitung-duesseldorf.de\/index.php\/wp-json\/wp\/v2\/tags?post=1109"}],"curies":[{"name":"wp","href":"https:\/\/api.w.org\/{rel}","templated":true}]}}