{"id":1141,"date":"2022-11-07T06:42:02","date_gmt":"2022-11-07T05:42:02","guid":{"rendered":"https:\/\/zugleitung-duesseldorf.de\/?p=1141"},"modified":"2023-11-08T09:25:54","modified_gmt":"2023-11-08T08:25:54","slug":"11-11-2022-hoppeditz-erwachen","status":"publish","type":"post","link":"https:\/\/zugleitung-duesseldorf.de\/index.php\/2022\/11\/07\/11-11-2022-hoppeditz-erwachen\/","title":{"rendered":"11.11.2023 &#8211; Hoppeditz-Erwachen &#8211; Aufstellungen zum Download&#8230; Update vom 08.11.2023"},"content":{"rendered":"<p><span style=\"font-size: 14pt;\">Mit der n\u00e4rrischen Auferstehung des <strong>Hoppeditz<\/strong> l\u00e4uten am<\/span><\/p>\n<p><span style=\"font-size: 14pt;\"><strong>11.11.2023<\/strong>\u00a0um <strong>11:11Uhr<\/strong><\/span><\/p>\n<p><span style=\"font-size: 14pt;\">tausende Narren auf dem Rathausvorplatz die f\u00fcnfte Jahreszeit ein. Treffen ist p\u00fcnktlich um 10:00 Uhr &#8211; Abmarsch 10:20 Uhr!<\/span><\/p>\n<p><span style=\"font-size: 14pt;\">Der <strong>Hoppeditz<\/strong> &#8211; alias &#8222;Tom Bauer&#8220; &#8211; erwacht und kriecht wie allj\u00e4hrlich nach seinem langen Schlaf aus dem Senftopf und lie\u00dft der Stadtobrigkeit und den Karnevalisten die n\u00e4rrischen Leviten!<\/span><\/p>\n<p><span style=\"font-size: 14pt;\">Auf der Rathaus-B\u00fchne gibt es bis in den Nachmittag ein buntes Programm, das von vielen D\u00fcsseldorfer Karnevalsgr\u00f6\u00dfen bestritten wird. Bands und Kapellen stimmen die Jecken auf die neue Session ein.<\/span><\/p>\n<p><span style=\"font-size: 14pt;\">Hier nun die Zugausstellung und Zugweg zum Download&#8230;<\/span><\/p>\n<p><a href=\"https:\/\/zugleitung-duesseldorf.de\/wp-content\/uploads\/2023\/11\/2023-ZL-Zugweg-Hoppeditz-2023.pdf\">2023-ZL-Zugweg Hoppeditz 2023<\/a><\/p>\n<p><a href=\"https:\/\/zugleitung-duesseldorf.de\/wp-content\/uploads\/2023\/11\/2023-ZL-Hoppeditz-Aufstellung-2023-6.pdf\">2023-ZL-Hoppeditz-Aufstellung 2023 (6)<\/a><\/p>\n","protected":false},"excerpt":{"rendered":"<p>Mit der n\u00e4rrischen Auferstehung des Hoppeditz l\u00e4uten am 11.11.2023\u00a0um 11:11Uhr tausende Narren auf dem Rathausvorplatz die f\u00fcnfte Jahreszeit ein. Treffen ist p\u00fcnktlich um 10:00 Uhr &#8211; Abmarsch 10:20 Uhr! Der Hoppeditz &#8211; alias &#8222;Tom Bauer&#8220; &#8211; erwacht und kriecht wie allj\u00e4hrlich nach seinem langen Schlaf aus dem Senftopf und lie\u00dft der Stadtobrigkeit und den Karnevalisten&hellip; <br \/> <a class=\"button small blue\" href=\"https:\/\/zugleitung-duesseldorf.de\/index.php\/2022\/11\/07\/11-11-2022-hoppeditz-erwachen\/\">Weiterlesen<\/a><\/p>\n","protected":false},"author":5,"featured_media":1183,"comment_status":"closed","ping_status":"closed","sticky":false,"template":"","format":"standard","meta":{"footnotes":""},"categories":[1],"tags":[],"class_list":["post-1141","post","type-post","status-publish","format-standard","has-post-thumbnail","hentry","category-allgemein"],"_links":{"self":[{"href":"https:\/\/zugleitung-duesseldorf.de\/index.php\/wp-json\/wp\/v2\/posts\/1141","targetHints":{"allow":["GET"]}}],"collection":[{"href":"https:\/\/zugleitung-duesseldorf.de\/index.php\/wp-json\/wp\/v2\/posts"}],"about":[{"href":"https:\/\/zugleitung-duesseldorf.de\/index.php\/wp-json\/wp\/v2\/types\/post"}],"author":[{"embeddable":true,"href":"https:\/\/zugleitung-duesseldorf.de\/index.php\/wp-json\/wp\/v2\/users\/5"}],"replies":[{"embeddable":true,"href":"https:\/\/zugleitung-duesseldorf.de\/index.php\/wp-json\/wp\/v2\/comments?post=1141"}],"version-history":[{"count":9,"href":"https:\/\/zugleitung-duesseldorf.de\/index.php\/wp-json\/wp\/v2\/posts\/1141\/revisions"}],"predecessor-version":[{"id":1265,"href":"https:\/\/zugleitung-duesseldorf.de\/index.php\/wp-json\/wp\/v2\/posts\/1141\/revisions\/1265"}],"wp:featuredmedia":[{"embeddable":true,"href":"https:\/\/zugleitung-duesseldorf.de\/index.php\/wp-json\/wp\/v2\/media\/1183"}],"wp:attachment":[{"href":"https:\/\/zugleitung-duesseldorf.de\/index.php\/wp-json\/wp\/v2\/media?parent=1141"}],"wp:term":[{"taxonomy":"category","embeddable":true,"href":"https:\/\/zugleitung-duesseldorf.de\/index.php\/wp-json\/wp\/v2\/categories?post=1141"},{"taxonomy":"post_tag","embeddable":true,"href":"https:\/\/zugleitung-duesseldorf.de\/index.php\/wp-json\/wp\/v2\/tags?post=1141"}],"curies":[{"name":"wp","href":"https:\/\/api.w.org\/{rel}","templated":true}]}}