{"id":413,"date":"2017-02-14T14:51:41","date_gmt":"2017-02-14T13:51:41","guid":{"rendered":"http:\/\/zl4you.de\/?p=413"},"modified":"2018-07-27T14:54:31","modified_gmt":"2018-07-27T12:54:31","slug":"besuch-bei-der-landtagspraesidentin-carina-goedecke-mit-ueberraschung","status":"publish","type":"post","link":"https:\/\/zugleitung-duesseldorf.de\/index.php\/2017\/02\/14\/besuch-bei-der-landtagspraesidentin-carina-goedecke-mit-ueberraschung\/","title":{"rendered":"Besuch bei der Landtagspr\u00e4sidentin Carina G\u00f6decke mit \u00dcberraschung"},"content":{"rendered":"<p><b>Ver\u00f6ffentlicht von Michael Faustmann (michaelfaustmann) am Feb 14 2017<\/b><\/p>\n<p style=\"font-weight: 400;\"><strong><img loading=\"lazy\" decoding=\"async\" class=\"alignleft wp-image-109 size-thumbnail\" src=\"http:\/\/zl4you.de\/wp-content\/uploads\/2018\/07\/W._Becker-150x150.jpg\" alt=\"\" width=\"150\" height=\"150\" \/>Eintritt in die Zugleitung 1961 e.V. war im Jahre 1993.<\/strong><\/p>\n<p><strong><u>ausgef\u00fchrte \u00c4mter in der Zugleitung<\/u><\/strong><\/p>\n<p style=\"font-weight: 400;\">2001 &#8211; 2005 \u00a0\u00a0\u00a0\u00a0\u00a0\u00a0\u00a0\u00a0\u00a0\u00a0\u00a0\u00a0\u00a0\u00a0\u00a0\u00a0\u00a0\u00a0\u00a01. Vorsitzender &amp; Gesch\u00e4ftsf\u00fchrer<\/p>\n<p style=\"font-weight: 400;\">2000 \u2013 2001 \u00a0\u00a0\u00a0\u00a0\u00a0\u00a0\u00a0\u00a0\u00a0\u00a0\u00a0\u00a0\u00a0\u00a0\u00a0\u00a0\u00a0\u00a02. Vorsitzender &amp; Schatzmeister<\/p>\n<p style=\"font-weight: 400;\">2009 &#8211; 2013\u00a0 \u00a0\u00a0\u00a0\u00a0\u00a0\u00a0\u00a0\u00a0\u00a0\u00a0\u00a0\u00a0\u00a0\u00a0\u00a0\u00a0\u00a0\u00a02. Vorsitzender &amp; Schatzmeister<\/p>\n<p style=\"font-weight: 400;\">2005\u00a0&#8211;\u00a02013 \u00a0\u00a0\u00a0\u00a0\u00a0\u00a0\u00a0\u00a0\u00a0\u00a0\u00a0\u00a0\u00a0\u00a0\u00a0\u00a0\u00a0\u00a0\u00a0Schatzmeister<\/p>\n<p style=\"font-weight: 400;\">Seit 02.2013 bis heute:\u00a0\u00a0\u00a0\u00a0\u00a0\u00a0\u00a0\u00a0\u00a0\u00a0\u00a0\u00a0Beisitzer\/ Gesch\u00e4ftsstelle<\/p>\n<p style=\"font-weight: 400;\">In diesem Zusammenhang wurde Herr Becker im\u00a0<strong>Jahr 2003<\/strong>\u00a0von den D\u00fcsseldorfer Karnevalsvereinen in den Vorstand des Comitee D\u00fcsseldorfer Carneval e.V. als Rosenmontagszug-Wagenbauleiter gew\u00e4hlt. Dieses Amt hatte er bis September 2014 inne.<br \/>\nMit dem im Jahr 2014 neugew\u00e4hlten Rosenmontagszug-Wagenbauleiter stellte sich Herr Wolfgang Becker als Beirat zur Verf\u00fcgung. Aufgrund einer Umstrukturierung im CC-Vorstand und der Nachfrage des Vorstandes stellte Herr Wolfgang Becker sich selbstverst\u00e4ndlich wieder im Fr\u00fchjahr 2016 zur Verf\u00fcgung und ist seitdem kommissarischer Rosenmontagszug-Wagenbauleiter.\u00a0Auch wegen seiner guten F\u00e4higkeiten in der Aus\u00fcbung seiner T\u00e4tigkeit als Schatzmeister und in der Organisation diverser Herrentouren in der Zugleitung, wobei er es immer schaffte, entsprechende finanzielle Mittel zu haben, wurde er auch gerne \u201eDie Kralle\u201c genannt.\u00a0Diese Herrentouren sind sehr gute Positiv-Faktoren f\u00fcr Zusammenhalt und Kameradschaft.\u00a0Auch\u00a0\u201eGummi-Ludwig\u201c\u00a0ist in der Halle ein gern gebrauchter Name f\u00fcr unseren Wolfgang. Die Ecken in der Halle k\u00f6nnen noch so verbaut und eng sein, Wolfgang kommt durch und sieht alles.\u00a0Aufgrund seiner guten handwerklichen und technischen F\u00e4higkeiten k\u00f6nnen wir \u00a0auf Wolfgang Becker nicht verzichten. Er ist in den ganzen Jahren (auch w\u00e4hrend seiner Selbstst\u00e4ndigkeit) immer der Hallenwart in unserer Wagenbauhalle gewesen und auch heute noch dort t\u00e4tig.\u00a0Egal, ob nachts der Feuermelder losgeht oder eine andere \u201eKatastrophe\u201c passiert; Wolfgang Becker ist immer der erste vor Ort und k\u00fcmmert sich um alles.\u00a0In den ganzen Jahren, seitdem Wolfgang Becker bei uns im CC-Vorstand ist, haben wir ihn als \u201eehrliche Haut\u201c und vor allem als kompetenten Kollegen kennengelernt; er steht jedem immer mit Rat und Tat zur Seite und ist f\u00fcr alle da.\u00a0Wolfgang Becker und die Wagenbauhalle sind ein Gebilde, was zusammengeh\u00f6rt.<\/p>\n<p style=\"font-weight: 400;\">Hier noch ein paar Infos bzgl. von Auszeichnungen, welche unser Wolfgang Becker im Laufe der Jahre erhalten hat:<\/p>\n<p style=\"font-weight: 400;\">2007\u00a0\u00a0\u00a0\u00a0\u00a0\u00a0\u00a0\u00a0\u00a0\u00a0\u00a0\u00a0\u00a0\u00a0\u00a0\u00a0\u00a0\u00a0\u00a0\u00a0\u00a0\u00a0\u00a0\u00a0\u00a0\u00a0\u00a0\u00a0\u00a0\u00a0\u00a0\u00a0\u00a0\u00a0\u00a0\u00a0\u00a0 silberne Nadel der Zugleitung<\/p>\n<p style=\"font-weight: 400;\">2014\u00a0\u00a0\u00a0\u00a0\u00a0\u00a0\u00a0\u00a0\u00a0\u00a0\u00a0\u00a0\u00a0\u00a0\u00a0\u00a0\u00a0\u00a0\u00a0\u00a0\u00a0\u00a0\u00a0\u00a0\u00a0\u00a0\u00a0\u00a0\u00a0\u00a0\u00a0\u00a0\u00a0\u00a0\u00a0\u00a0\u00a0 goldene Nadel der Zugleitung<\/p>\n<p style=\"font-weight: 400;\">2014\u00a0\u00a0\u00a0\u00a0\u00a0\u00a0\u00a0\u00a0\u00a0\u00a0\u00a0\u00a0\u00a0\u00a0\u00a0\u00a0\u00a0\u00a0\u00a0\u00a0\u00a0\u00a0\u00a0\u00a0\u00a0\u00a0\u00a0\u00a0\u00a0\u00a0\u00a0\u00a0\u00a0\u00a0\u00a0\u00a0\u00a0 Ehrenmitglied in der Zugleitung<\/p>\n<p style=\"font-weight: 400;\">2015\u00a0\u00a0\u00a0\u00a0\u00a0\u00a0\u00a0\u00a0\u00a0\u00a0\u00a0\u00a0\u00a0\u00a0\u00a0\u00a0\u00a0\u00a0\u00a0\u00a0\u00a0\u00a0\u00a0\u00a0\u00a0\u00a0\u00a0\u00a0\u00a0\u00a0\u00a0\u00a0\u00a0\u00a0\u00a0\u00a0\u00a0 Verleihung der N\u00e4rrischen Eule, verliehen durch die Karnevalsgesellschaft Rheinisches Garde Corps 1984 e.V.<\/p>\n<p style=\"font-weight: 400;\">14.02.2017\u00a0\u00a0\u00a0\u00a0\u00a0\u00a0\u00a0\u00a0\u00a0\u00a0\u00a0\u00a0\u00a0\u00a0\u00a0\u00a0\u00a0\u00a0\u00a0\u00a0\u00a0\u00a0 Auszeichnung der karnevalistischen Brauchtumspflege durch die Landtagspr\u00e4sidentin Carina G\u00f6decke<\/p>\n<p style=\"font-weight: 400;\">Lieber Wolfgang, unserern herzlichsten Gl\u00fcckwunsch hierzu!<\/p>\n<p style=\"font-weight: 400;\">Deine Kameraden der ZUGLEITUNG<\/p>\n","protected":false},"excerpt":{"rendered":"<p>Ver\u00f6ffentlicht von Michael Faustmann (michaelfaustmann) am Feb 14 2017 Eintritt in die Zugleitung 1961 e.V. war im Jahre 1993. ausgef\u00fchrte \u00c4mter in der Zugleitung 2001 &#8211; 2005 \u00a0\u00a0\u00a0\u00a0\u00a0\u00a0\u00a0\u00a0\u00a0\u00a0\u00a0\u00a0\u00a0\u00a0\u00a0\u00a0\u00a0\u00a0\u00a01. Vorsitzender &amp; Gesch\u00e4ftsf\u00fchrer 2000 \u2013 2001 \u00a0\u00a0\u00a0\u00a0\u00a0\u00a0\u00a0\u00a0\u00a0\u00a0\u00a0\u00a0\u00a0\u00a0\u00a0\u00a0\u00a0\u00a02. Vorsitzender &amp; Schatzmeister 2009 &#8211; 2013\u00a0 \u00a0\u00a0\u00a0\u00a0\u00a0\u00a0\u00a0\u00a0\u00a0\u00a0\u00a0\u00a0\u00a0\u00a0\u00a0\u00a0\u00a0\u00a02. Vorsitzender &amp; Schatzmeister 2005\u00a0&#8211;\u00a02013 \u00a0\u00a0\u00a0\u00a0\u00a0\u00a0\u00a0\u00a0\u00a0\u00a0\u00a0\u00a0\u00a0\u00a0\u00a0\u00a0\u00a0\u00a0\u00a0Schatzmeister Seit 02.2013 bis heute:\u00a0\u00a0\u00a0\u00a0\u00a0\u00a0\u00a0\u00a0\u00a0\u00a0\u00a0\u00a0Beisitzer\/ Gesch\u00e4ftsstelle In diesem Zusammenhang&hellip; <br \/> <a class=\"button small blue\" href=\"https:\/\/zugleitung-duesseldorf.de\/index.php\/2017\/02\/14\/besuch-bei-der-landtagspraesidentin-carina-goedecke-mit-ueberraschung\/\">Weiterlesen<\/a><\/p>\n","protected":false},"author":1,"featured_media":0,"comment_status":"closed","ping_status":"closed","sticky":false,"template":"","format":"standard","meta":{"footnotes":""},"categories":[1],"tags":[],"class_list":["post-413","post","type-post","status-publish","format-standard","hentry","category-allgemein"],"_links":{"self":[{"href":"https:\/\/zugleitung-duesseldorf.de\/index.php\/wp-json\/wp\/v2\/posts\/413","targetHints":{"allow":["GET"]}}],"collection":[{"href":"https:\/\/zugleitung-duesseldorf.de\/index.php\/wp-json\/wp\/v2\/posts"}],"about":[{"href":"https:\/\/zugleitung-duesseldorf.de\/index.php\/wp-json\/wp\/v2\/types\/post"}],"author":[{"embeddable":true,"href":"https:\/\/zugleitung-duesseldorf.de\/index.php\/wp-json\/wp\/v2\/users\/1"}],"replies":[{"embeddable":true,"href":"https:\/\/zugleitung-duesseldorf.de\/index.php\/wp-json\/wp\/v2\/comments?post=413"}],"version-history":[{"count":2,"href":"https:\/\/zugleitung-duesseldorf.de\/index.php\/wp-json\/wp\/v2\/posts\/413\/revisions"}],"predecessor-version":[{"id":415,"href":"https:\/\/zugleitung-duesseldorf.de\/index.php\/wp-json\/wp\/v2\/posts\/413\/revisions\/415"}],"wp:attachment":[{"href":"https:\/\/zugleitung-duesseldorf.de\/index.php\/wp-json\/wp\/v2\/media?parent=413"}],"wp:term":[{"taxonomy":"category","embeddable":true,"href":"https:\/\/zugleitung-duesseldorf.de\/index.php\/wp-json\/wp\/v2\/categories?post=413"},{"taxonomy":"post_tag","embeddable":true,"href":"https:\/\/zugleitung-duesseldorf.de\/index.php\/wp-json\/wp\/v2\/tags?post=413"}],"curies":[{"name":"wp","href":"https:\/\/api.w.org\/{rel}","templated":true}]}}